{"id":1507,"date":"2022-05-18T16:43:04","date_gmt":"2022-05-18T14:43:04","guid":{"rendered":"https:\/\/www.rosafenster.ch\/unkategorisiert\/2022\/maison-individuelle\/"},"modified":"2025-02-10T14:09:39","modified_gmt":"2025-02-10T13:09:39","slug":"maison-individuelle-13","status":"publish","type":"post","link":"https:\/\/www.rosafenster.ch\/fr\/references\/2022\/maison-individuelle-13\/","title":{"rendered":"Maison individuelle"},"content":{"rendered":"<p>Dans la commune de Siselen, nous avons pu \u00e9quiper l&rsquo;objet suivant de nouvelles fen\u00eatres et\/ou portes :<\/p>\n<h2>Maison individuelle<\/h2>\n<p>Une personne priv\u00e9e nous a permis de travailler tr\u00e8s agr\u00e9ablement, car une transformation ou une r\u00e9novation entra\u00eene toujours un certain stress. Gr\u00e2ce \u00e0 notre s\u00e9rieux et \u00e0 notre professionnalisme, ils ont pu se d\u00e9tendre \u00e0 tout moment et se r\u00e9jouir du r\u00e9sultat.<\/p>\n<p>L&rsquo;ancienne ferme est class\u00e9e monument historique. C&rsquo;est la raison pour laquelle toutes les directives relatives \u00e0 la transformation et \u00e0 la nouvelle construction ont \u00e9t\u00e9 prises en compte afin de reproduire correctement l&rsquo;aspect des croisillons, la face de frappe appliqu\u00e9e ainsi que la couleur.<\/p>\n<h2>Siselen<\/h2>\n<p>Siselen est une commune politique de l&rsquo;arrondissement administratif du Seeland du canton de Berne en Suisse. Sous le nom de Siselen, il existe, outre la commune des habitants, une paroisse \u00e9vang\u00e9lique r\u00e9form\u00e9e et une bourgeoisie.<br \/>\nPage web : www.siselen.ch<\/p>\n<p>Les contenus et les images relatifs \u00e0 chaque lieu proviennent de la source Wikipedia, de l&rsquo;architecte \u00e9ventuellement mentionn\u00e9 ou de nous-m\u00eames.<\/p>\n","protected":false},"excerpt":{"rendered":"<p>Une personne priv\u00e9e nous a permis de travailler tr\u00e8s agr\u00e9ablement, car une transformation ou une r\u00e9novation entra\u00eene toujours un certain stress. Gr\u00e2ce \u00e0 notre s\u00e9rieux et \u00e0 notre professionnalisme, ils ont pu se d\u00e9tendre \u00e0 tout moment et se r\u00e9jouir du r\u00e9sultat.<\/p>\n","protected":false},"author":1,"featured_media":603,"comment_status":"open","ping_status":"open","sticky":false,"template":"","format":"standard","meta":{"inline_featured_image":false,"footnotes":""},"categories":[82],"tags":[],"class_list":["post-1507","post","type-post","status-publish","format-standard","has-post-thumbnail","hentry","category-references"],"_links":{"self":[{"href":"https:\/\/www.rosafenster.ch\/fr\/wp-json\/wp\/v2\/posts\/1507","targetHints":{"allow":["GET"]}}],"collection":[{"href":"https:\/\/www.rosafenster.ch\/fr\/wp-json\/wp\/v2\/posts"}],"about":[{"href":"https:\/\/www.rosafenster.ch\/fr\/wp-json\/wp\/v2\/types\/post"}],"author":[{"embeddable":true,"href":"https:\/\/www.rosafenster.ch\/fr\/wp-json\/wp\/v2\/users\/1"}],"replies":[{"embeddable":true,"href":"https:\/\/www.rosafenster.ch\/fr\/wp-json\/wp\/v2\/comments?post=1507"}],"version-history":[{"count":2,"href":"https:\/\/www.rosafenster.ch\/fr\/wp-json\/wp\/v2\/posts\/1507\/revisions"}],"predecessor-version":[{"id":2918,"href":"https:\/\/www.rosafenster.ch\/fr\/wp-json\/wp\/v2\/posts\/1507\/revisions\/2918"}],"wp:featuredmedia":[{"embeddable":true,"href":"https:\/\/www.rosafenster.ch\/fr\/wp-json\/wp\/v2\/media\/603"}],"wp:attachment":[{"href":"https:\/\/www.rosafenster.ch\/fr\/wp-json\/wp\/v2\/media?parent=1507"}],"wp:term":[{"taxonomy":"category","embeddable":true,"href":"https:\/\/www.rosafenster.ch\/fr\/wp-json\/wp\/v2\/categories?post=1507"},{"taxonomy":"post_tag","embeddable":true,"href":"https:\/\/www.rosafenster.ch\/fr\/wp-json\/wp\/v2\/tags?post=1507"}],"curies":[{"name":"wp","href":"https:\/\/api.w.org\/{rel}","templated":true}]}}