{"id":1540,"date":"2022-05-18T16:43:03","date_gmt":"2022-05-18T14:43:03","guid":{"rendered":"https:\/\/www.rosafenster.ch\/non-classifiee\/2022\/immeuble-collectif-4\/"},"modified":"2025-02-10T14:09:45","modified_gmt":"2025-02-10T13:09:45","slug":"immeuble-collectif-4","status":"publish","type":"post","link":"https:\/\/www.rosafenster.ch\/fr\/references\/2022\/immeuble-collectif-4\/","title":{"rendered":"Immeuble collectif"},"content":{"rendered":"<p>Dans la commune de B\u00e2le, nous avons pu \u00e9quiper l&rsquo;objet suivant de nouvelles fen\u00eatres et\/ou portes :<\/p>\n<h2>Immeuble collectif<\/h2>\n<p>Une personne priv\u00e9e nous a permis de travailler tr\u00e8s agr\u00e9ablement, car une transformation ou une r\u00e9novation entra\u00eene toujours un certain stress. Gr\u00e2ce \u00e0 notre s\u00e9rieux et \u00e0 notre professionnalisme, ils ont pu se d\u00e9tendre \u00e0 tout moment et se r\u00e9jouir du r\u00e9sultat.<\/p>\n<h2>B\u00e2le<\/h2>\n<p>B\u00e2le est consid\u00e9r\u00e9e comme la capitale culturelle de la Suisse. Avec pr\u00e8s de quarante mus\u00e9es r\u00e9partis sur l&rsquo;ensemble du territoire cantonal et une large offre culturelle, B\u00e2le est c\u00e9l\u00e8bre pour ses nombreuses institutions artistiques et culturelles de renomm\u00e9e mondiale, ce qui fait \u00e9galement de la ville l&rsquo;un des plus grands centres culturels d&rsquo;Europe par rapport \u00e0 sa taille et \u00e0 sa population. Le mus\u00e9e municipal des beaux-arts y expose la collection d&rsquo;art public g\u00e9n\u00e9ralement consid\u00e9r\u00e9e comme la plus importante de Suisse. Avec le \u00ab\u00a0Cabinet Amerbach\u00a0\u00bb, acquis par la ville en 1661, la collection est consid\u00e9r\u00e9e comme le plus ancien mus\u00e9e d&rsquo;art au monde accessible au public.<br \/>\nPage web : www.bs.ch<\/p>\n<p>Les contenus et les images relatifs \u00e0 chaque lieu proviennent de la source Wikipedia, de l&rsquo;architecte \u00e9ventuellement mentionn\u00e9 ou de nous-m\u00eames.<\/p>\n","protected":false},"excerpt":{"rendered":"<p>Une personne priv\u00e9e nous a permis de travailler tr\u00e8s agr\u00e9ablement, car une transformation ou une r\u00e9novation entra\u00eene toujours un certain stress. Gr\u00e2ce \u00e0 notre s\u00e9rieux et \u00e0 notre professionnalisme, ils ont pu se d\u00e9tendre \u00e0 tout moment et se r\u00e9jouir du r\u00e9sultat.<\/p>\n","protected":false},"author":1,"featured_media":588,"comment_status":"open","ping_status":"open","sticky":false,"template":"","format":"standard","meta":{"inline_featured_image":false,"footnotes":""},"categories":[82],"tags":[],"class_list":["post-1540","post","type-post","status-publish","format-standard","has-post-thumbnail","hentry","category-references"],"_links":{"self":[{"href":"https:\/\/www.rosafenster.ch\/fr\/wp-json\/wp\/v2\/posts\/1540","targetHints":{"allow":["GET"]}}],"collection":[{"href":"https:\/\/www.rosafenster.ch\/fr\/wp-json\/wp\/v2\/posts"}],"about":[{"href":"https:\/\/www.rosafenster.ch\/fr\/wp-json\/wp\/v2\/types\/post"}],"author":[{"embeddable":true,"href":"https:\/\/www.rosafenster.ch\/fr\/wp-json\/wp\/v2\/users\/1"}],"replies":[{"embeddable":true,"href":"https:\/\/www.rosafenster.ch\/fr\/wp-json\/wp\/v2\/comments?post=1540"}],"version-history":[{"count":2,"href":"https:\/\/www.rosafenster.ch\/fr\/wp-json\/wp\/v2\/posts\/1540\/revisions"}],"predecessor-version":[{"id":2934,"href":"https:\/\/www.rosafenster.ch\/fr\/wp-json\/wp\/v2\/posts\/1540\/revisions\/2934"}],"wp:featuredmedia":[{"embeddable":true,"href":"https:\/\/www.rosafenster.ch\/fr\/wp-json\/wp\/v2\/media\/588"}],"wp:attachment":[{"href":"https:\/\/www.rosafenster.ch\/fr\/wp-json\/wp\/v2\/media?parent=1540"}],"wp:term":[{"taxonomy":"category","embeddable":true,"href":"https:\/\/www.rosafenster.ch\/fr\/wp-json\/wp\/v2\/categories?post=1540"},{"taxonomy":"post_tag","embeddable":true,"href":"https:\/\/www.rosafenster.ch\/fr\/wp-json\/wp\/v2\/tags?post=1540"}],"curies":[{"name":"wp","href":"https:\/\/api.w.org\/{rel}","templated":true}]}}