{"id":1554,"date":"2022-05-18T16:43:03","date_gmt":"2022-05-18T14:43:03","guid":{"rendered":"https:\/\/www.rosafenster.ch\/non-classifiee\/2022\/maison-individuelle-8\/"},"modified":"2025-02-10T14:09:51","modified_gmt":"2025-02-10T13:09:51","slug":"maison-individuelle-8","status":"publish","type":"post","link":"https:\/\/www.rosafenster.ch\/fr\/references\/2022\/maison-individuelle-8\/","title":{"rendered":"Maison individuelle"},"content":{"rendered":"<p>Dans la commune de Bienne, nous avons pu \u00e9quiper l&rsquo;objet suivant de nouvelles fen\u00eatres et\/ou portes :<\/p>\n<h2>Maison individuelle<\/h2>\n<p>Une personne priv\u00e9e nous a permis de travailler tr\u00e8s agr\u00e9ablement, car une transformation ou une r\u00e9novation entra\u00eene toujours un certain stress. Gr\u00e2ce \u00e0 notre s\u00e9rieux et \u00e0 notre professionnalisme, ils ont pu se d\u00e9tendre \u00e0 tout moment et se r\u00e9jouir du r\u00e9sultat.<\/p>\n<p>Cette maison a re\u00e7u de notre part de nouvelles fen\u00eatres insonoris\u00e9es avec des croisillons.<\/p>\n<h2>Bienne<\/h2>\n<p>Biel\/Bienne est une ville du canton suisse de Berne. Elle se trouve \u00e0 l&rsquo;extr\u00e9mit\u00e9 nord-est du lac de Bienne dans le Seeland et occupe, avec ses 55 206 habitants, la dixi\u00e8me place sur la liste des villes suisses.<br \/>\nPage web : www.biel-bienne.ch<\/p>\n<p>Les contenus et les images relatifs \u00e0 chaque lieu proviennent de la source Wikipedia, de l&rsquo;architecte \u00e9ventuellement mentionn\u00e9 ou de nous-m\u00eames.<\/p>\n","protected":false},"excerpt":{"rendered":"<p>Une personne priv\u00e9e nous a permis de travailler tr\u00e8s agr\u00e9ablement, car une transformation ou une r\u00e9novation entra\u00eene toujours un certain stress. Gr\u00e2ce \u00e0 notre s\u00e9rieux et \u00e0 notre professionnalisme, ils ont pu se d\u00e9tendre \u00e0 tout moment et se r\u00e9jouir du r\u00e9sultat.<\/p>\n","protected":false},"author":1,"featured_media":591,"comment_status":"open","ping_status":"open","sticky":false,"template":"","format":"standard","meta":{"inline_featured_image":false,"footnotes":""},"categories":[82],"tags":[],"class_list":["post-1554","post","type-post","status-publish","format-standard","has-post-thumbnail","hentry","category-references"],"_links":{"self":[{"href":"https:\/\/www.rosafenster.ch\/fr\/wp-json\/wp\/v2\/posts\/1554","targetHints":{"allow":["GET"]}}],"collection":[{"href":"https:\/\/www.rosafenster.ch\/fr\/wp-json\/wp\/v2\/posts"}],"about":[{"href":"https:\/\/www.rosafenster.ch\/fr\/wp-json\/wp\/v2\/types\/post"}],"author":[{"embeddable":true,"href":"https:\/\/www.rosafenster.ch\/fr\/wp-json\/wp\/v2\/users\/1"}],"replies":[{"embeddable":true,"href":"https:\/\/www.rosafenster.ch\/fr\/wp-json\/wp\/v2\/comments?post=1554"}],"version-history":[{"count":2,"href":"https:\/\/www.rosafenster.ch\/fr\/wp-json\/wp\/v2\/posts\/1554\/revisions"}],"predecessor-version":[{"id":2940,"href":"https:\/\/www.rosafenster.ch\/fr\/wp-json\/wp\/v2\/posts\/1554\/revisions\/2940"}],"wp:featuredmedia":[{"embeddable":true,"href":"https:\/\/www.rosafenster.ch\/fr\/wp-json\/wp\/v2\/media\/591"}],"wp:attachment":[{"href":"https:\/\/www.rosafenster.ch\/fr\/wp-json\/wp\/v2\/media?parent=1554"}],"wp:term":[{"taxonomy":"category","embeddable":true,"href":"https:\/\/www.rosafenster.ch\/fr\/wp-json\/wp\/v2\/categories?post=1554"},{"taxonomy":"post_tag","embeddable":true,"href":"https:\/\/www.rosafenster.ch\/fr\/wp-json\/wp\/v2\/tags?post=1554"}],"curies":[{"name":"wp","href":"https:\/\/api.w.org\/{rel}","templated":true}]}}