{"id":1555,"date":"2022-05-18T16:43:03","date_gmt":"2022-05-18T14:43:03","guid":{"rendered":"https:\/\/www.rosafenster.ch\/non-classifiee\/2022\/maison-individuelle-8\/"},"modified":"2025-02-10T14:09:51","modified_gmt":"2025-02-10T13:09:51","slug":"maison-individuelle-8-2","status":"publish","type":"post","link":"https:\/\/www.rosafenster.ch\/fr\/references\/2022\/maison-individuelle-8-2\/","title":{"rendered":"Maison individuelle"},"content":{"rendered":"<p>Dans la commune de Grenchen, nous avons pu \u00e9quiper l&rsquo;objet suivant de nouvelles fen\u00eatres et\/ou portes :<\/p>\n<h2>Maison individuelle<\/h2>\n<p>Une personne priv\u00e9e nous a permis de travailler tr\u00e8s agr\u00e9ablement, car une transformation ou une r\u00e9novation entra\u00eene toujours un certain stress. Gr\u00e2ce \u00e0 notre s\u00e9rieux et \u00e0 notre professionnalisme, ils ont pu se d\u00e9tendre \u00e0 tout moment et se r\u00e9jouir du r\u00e9sultat.<\/p>\n<h2>Grenchen<\/h2>\n<p>Granges est une commune politique et le chef-lieu du district de Lebern, dans le canton de Soleure, en Suisse. La localit\u00e9 de Staad fait partie de Granges. La ville est situ\u00e9e au pied sud du Jura, entre les villes de Soleure et de Biel\/Bienne, dans le canton de Berne.<br \/>\nPage web : www.grenchen.ch<\/p>\n<p>Les contenus et les images relatifs \u00e0 chaque lieu proviennent de la source Wikipedia, de l&rsquo;architecte \u00e9ventuellement mentionn\u00e9 ou de nous-m\u00eames.<\/p>\n","protected":false},"excerpt":{"rendered":"<p>Une personne priv\u00e9e nous a permis de travailler tr\u00e8s agr\u00e9ablement, car une transformation ou une r\u00e9novation entra\u00eene toujours un certain stress. Gr\u00e2ce \u00e0 notre s\u00e9rieux et \u00e0 notre professionnalisme, ils ont pu se d\u00e9tendre \u00e0 tout moment et se r\u00e9jouir du r\u00e9sultat.<\/p>\n","protected":false},"author":1,"featured_media":594,"comment_status":"open","ping_status":"open","sticky":false,"template":"","format":"standard","meta":{"inline_featured_image":false,"footnotes":""},"categories":[82],"tags":[],"class_list":["post-1555","post","type-post","status-publish","format-standard","has-post-thumbnail","hentry","category-references"],"_links":{"self":[{"href":"https:\/\/www.rosafenster.ch\/fr\/wp-json\/wp\/v2\/posts\/1555","targetHints":{"allow":["GET"]}}],"collection":[{"href":"https:\/\/www.rosafenster.ch\/fr\/wp-json\/wp\/v2\/posts"}],"about":[{"href":"https:\/\/www.rosafenster.ch\/fr\/wp-json\/wp\/v2\/types\/post"}],"author":[{"embeddable":true,"href":"https:\/\/www.rosafenster.ch\/fr\/wp-json\/wp\/v2\/users\/1"}],"replies":[{"embeddable":true,"href":"https:\/\/www.rosafenster.ch\/fr\/wp-json\/wp\/v2\/comments?post=1555"}],"version-history":[{"count":2,"href":"https:\/\/www.rosafenster.ch\/fr\/wp-json\/wp\/v2\/posts\/1555\/revisions"}],"predecessor-version":[{"id":2941,"href":"https:\/\/www.rosafenster.ch\/fr\/wp-json\/wp\/v2\/posts\/1555\/revisions\/2941"}],"wp:featuredmedia":[{"embeddable":true,"href":"https:\/\/www.rosafenster.ch\/fr\/wp-json\/wp\/v2\/media\/594"}],"wp:attachment":[{"href":"https:\/\/www.rosafenster.ch\/fr\/wp-json\/wp\/v2\/media?parent=1555"}],"wp:term":[{"taxonomy":"category","embeddable":true,"href":"https:\/\/www.rosafenster.ch\/fr\/wp-json\/wp\/v2\/categories?post=1555"},{"taxonomy":"post_tag","embeddable":true,"href":"https:\/\/www.rosafenster.ch\/fr\/wp-json\/wp\/v2\/tags?post=1555"}],"curies":[{"name":"wp","href":"https:\/\/api.w.org\/{rel}","templated":true}]}}